{"id":2435,"date":"2024-12-05T15:51:22","date_gmt":"2024-12-05T18:51:22","guid":{"rendered":"https:\/\/agrosilicio.com.br\/?post_type=noticia&#038;p=2435"},"modified":"2024-12-05T15:51:22","modified_gmt":"2024-12-05T18:51:22","slug":"visita-semad-mg","status":"publish","type":"noticia","link":"https:\/\/agrosilicio.com.br\/en\/noticia\/visita-semad-mg\/","title":{"rendered":"Visita SEMAD MG"},"content":{"rendered":"<p>No \u00faltimo dia 22 de outubro, a Harsco Environmental, em sua planta localizada em Tim\u00f3teo, no Vale do A\u00e7o (MG), recebeu uma comitiva da Secretaria de Estado de Meio Ambiente e Desenvolvimento Sustent\u00e1vel (Semad) de Minas Gerais. O objetivo foi apresentar o AgroSil\u00edcio.<\/p>\n\n\n\n<p>Durante a visita, o Superintendente de Gest\u00e3o Territorial Ambiental, Ricardo Campelo Fran\u00e7a, e o assessor da Superintend\u00eancia, Lucas de Freitas Santos Gon\u00e7alves, conheceram de perto o processo produtivo do fertilizante. A Harsco j\u00e1 est\u00e1 fornecendo o AgroSil\u00edcio ao Governo de Minas Gerais, beneficiando cerca de 2 mil agricultores familiares em 270 munic\u00edpios mineiros.<\/p>\n\n\n\n<p>Como parte desse compromisso, a empresa garantiu a doa\u00e7\u00e3o anual de 10 mil toneladas de fertilizantes para a agricultura familiar, consolidando sua contribui\u00e7\u00e3o para o desenvolvimento sustent\u00e1vel da regi\u00e3o.<\/p>\n\n\n\n<div style=\"height:20px\" aria-hidden=\"true\" class=\"wp-block-spacer\"><\/div>\n\n\n\n<h3 class=\"wp-block-heading\">Inova\u00e7\u00e3o e Sustentabilidade Andando Lado a Lado<\/h3>\n\n\n\n<div style=\"height:10px\" aria-hidden=\"true\" class=\"wp-block-spacer\"><\/div>\n\n\n\n<p>Com a fabrica\u00e7\u00e3o do AgroSil\u00edcio, a Harsco une preserva\u00e7\u00e3o ambiental e desenvolvimento agr\u00edcola, provando que res\u00edduos industriais podem ser transformados em solu\u00e7\u00f5es que geram valor para o agroneg\u00f3cio e para o planeta.<\/p>\n\n\n\n<p>A empresa reafirma sua miss\u00e3o de reduzir impactos ambientais, promover pr\u00e1ticas agr\u00edcolas mais eficientes e contribuir para a constru\u00e7\u00e3o de um futuro sustent\u00e1vel.<\/p>\n\n\n\n<p>Se voc\u00ea deseja saber mais sobre o AgroSil\u00edcio e as iniciativas da Harsco Environmental, acompanhe nossas publica\u00e7\u00f5es e fique por dentro das solu\u00e7\u00f5es que est\u00e3o transformando o setor sider\u00fargico e agr\u00edcola!<\/p>\n\n\n\n<figure class=\"wp-block-image size-full\"><img loading=\"lazy\" decoding=\"async\" width=\"1920\" height=\"1080\" src=\"https:\/\/agrosilicio.com.br\/wp-content\/uploads\/2023\/09\/agrosilicio-bg-institucional.jpg\" alt=\"\" class=\"wp-image-963\" srcset=\"https:\/\/agrosilicio.com.br\/wp-content\/uploads\/2023\/09\/agrosilicio-bg-institucional.jpg 1920w, https:\/\/agrosilicio.com.br\/wp-content\/uploads\/2023\/09\/agrosilicio-bg-institucional-1280x720.jpg 1280w, https:\/\/agrosilicio.com.br\/wp-content\/uploads\/2023\/09\/agrosilicio-bg-institucional-980x551.jpg 980w, https:\/\/agrosilicio.com.br\/wp-content\/uploads\/2023\/09\/agrosilicio-bg-institucional-480x270.jpg 480w\" sizes=\"auto, (min-width: 0px) and (max-width: 480px) 480px, (min-width: 481px) and (max-width: 980px) 980px, (min-width: 981px) and (max-width: 1280px) 1280px, (min-width: 1281px) 1920px, 100vw\" \/><\/figure>\n\n\n\n<div style=\"height:40px\" aria-hidden=\"true\" class=\"wp-block-spacer\"><\/div>\n\n\n\n<p><strong>FONTE: <\/strong>Com planta em Tim\u00f3teo, Harsco converte rejeitos de siderurgia em fertilizantes sustent\u00e1veis. Dispon\u00edvel em: https:\/\/cidadeseminerais.com.br\/sustentabilidade\/timoteo-harsco\/. Acesso em 05 de dezembro de 2024.<\/p>","protected":false},"excerpt":{"rendered":"<p>No \u00faltimo dia 22 de outubro, a Harsco Environmental, em sua planta localizada em Tim\u00f3teo, no Vale do A\u00e7o (MG), recebeu uma comitiva da Secretaria de Estado de Meio Ambiente e Desenvolvimento Sustent\u00e1vel (Semad) de Minas Gerais. O objetivo foi apresentar o AgroSil\u00edcio. Durante a visita, o Superintendente de Gest\u00e3o Territorial Ambiental, Ricardo Campelo Fran\u00e7a, [&hellip;]<\/p>","protected":false},"featured_media":2436,"parent":0,"template":"","categoria_noticia":[5],"tag_noticia":[],"class_list":["post-2435","noticia","type-noticia","status-publish","has-post-thumbnail","hentry","categoria_noticia-novidades"],"acf":[],"_links":{"self":[{"href":"https:\/\/agrosilicio.com.br\/en\/wp-json\/wp\/v2\/noticia\/2435","targetHints":{"allow":["GET"]}}],"collection":[{"href":"https:\/\/agrosilicio.com.br\/en\/wp-json\/wp\/v2\/noticia"}],"about":[{"href":"https:\/\/agrosilicio.com.br\/en\/wp-json\/wp\/v2\/types\/noticia"}],"wp:featuredmedia":[{"embeddable":true,"href":"https:\/\/agrosilicio.com.br\/en\/wp-json\/wp\/v2\/media\/2436"}],"wp:attachment":[{"href":"https:\/\/agrosilicio.com.br\/en\/wp-json\/wp\/v2\/media?parent=2435"}],"wp:term":[{"taxonomy":"categoria_noticia","embeddable":true,"href":"https:\/\/agrosilicio.com.br\/en\/wp-json\/wp\/v2\/categoria_noticia?post=2435"},{"taxonomy":"tag_noticia","embeddable":true,"href":"https:\/\/agrosilicio.com.br\/en\/wp-json\/wp\/v2\/tag_noticia?post=2435"}],"curies":[{"name":"wp","href":"https:\/\/api.w.org\/{rel}","templated":true}]}}